{"id":4099,"date":"2024-05-07T14:51:14","date_gmt":"2024-05-07T12:51:14","guid":{"rendered":"https:\/\/www.hotelvictoriatrieste.com\/?p=4099"},"modified":"2024-05-07T14:51:14","modified_gmt":"2024-05-07T12:51:14","slug":"van-gogh-the-record-exhibition","status":"publish","type":"post","link":"https:\/\/www.hotelvictoriatrieste.com\/en\/van-gogh-the-record-exhibition\/","title":{"rendered":"&#8220;Van Gogh&#8221;: the Record exhibition"},"content":{"rendered":"<p>Stay <strong>at least 2 nights<\/strong> at our hotel and you will have the opportunity to access the <strong>&#8220;Van Gogh&#8221;<\/strong> exhibition at the Museo Revoltella in Trieste for free, which will be included in the FVG CARD which will be given to you at the hotel at the 50% discounted rate, upon request at the time of reservation, upon your arrival.<\/p>\n<p>This option is valid only through direct booking, specifying acceptance of this offer at the time of booking itself.<\/p>\n<p><img loading=\"lazy\" decoding=\"async\" class=\" wp-image-4096 aligncenter\" src=\"https:\/\/www.hotelvictoriatrieste.com\/wp-content\/uploads\/2024\/05\/vangogh-trieste-page-989x791-1-300x240.jpg\" alt=\"\" width=\"675\" height=\"540\" srcset=\"https:\/\/www.hotelvictoriatrieste.com\/wp-content\/uploads\/2024\/05\/vangogh-trieste-page-989x791-1-300x240.jpg 300w, https:\/\/www.hotelvictoriatrieste.com\/wp-content\/uploads\/2024\/05\/vangogh-trieste-page-989x791-1.jpg 335w\" sizes=\"auto, (max-width: 675px) 100vw, 675px\" \/><\/p>\n<p style=\"text-align: center;\">(Vincent van Gogh, The sower (Arles, 17-28 june 1888; oil on canvas, 64,2 \u00d7 80,3 cm; Otterlo, Kr\u00f6ller-M\u00fcller Museum)<\/p>\n<p>Check the availability of the hotel <a href=\"https:\/\/be.bookingexpert.it\/book\/home\/single?layout=13541&amp;lang=en&amp;currency=EUR&amp;nsid=884a5b1d-6e4f-43a2-92c9-342c5ace2c9a&amp;searchId=785c71b9-a347-422a-9b7c-e03c5b02090f&amp;coupon=ONLY4YOU\">HERE<\/a> and the Residence Victoria <a href=\"https:\/\/be.bookingexpert.it\/book\/home\/single?layout=13548&amp;lang=en&amp;currency=EUR&amp;nsid=7cbf396a-f89a-49ae-8de2-71950688f17a\">HERE<\/a> now <strong>until June 30th, 2024<\/strong>.<\/p>\n<ul>\n<li>The amount includes the FVG CARD (discover the advantages of owning the FVG Card <a href=\"https:\/\/www.turismofvg.it\/fvg-card\">HERE<\/a>)<\/li>\n<li>Free entry to the &#8220;Van Gogh&#8221; exhibition ( in Museo Civico d\u2019Arte Moderna Revoltella).<\/li>\n<li>Free entry to the <a href=\"https:\/\/www.hotelvictoriatrieste.com\/en\/antonio-ligabue\/\">\u201cAntonio Ligabue\u201d<\/a> exhibition (in the sala Scarpa del Museo Civico d\u2019Arte Moderna Revoltella) is reserved only for holders of the FVG card. The adult FVG card that will be presented at the ticket office will also guarantee free access to 1 child up to 12 years old.<\/li>\n<li>The offers cannot be combined with each other or with others present for the same periods.<\/li>\n<\/ul>\n<p style=\"text-align: right;\">Check <a href=\"https:\/\/www.hotelvictoriatrieste.com\/en\/trieste\/\">HERE<\/a> the other initiatives we participate in and what to do in Trieste.<\/p>\n<p><em>\u201cThe more I think about it, the more I realize that there is nothing more truly artistic than loving others.\u201d<\/em> (Vincent Van Gogh)<\/p>\n","protected":false},"excerpt":{"rendered":"<p>Stay at least 2 nights at our hotel and you will have the opportunity to access the &#8220;Van Gogh&#8221; exhibition at the Museo Revoltella in Trieste for free, which will be included in the FVG CARD which will be given to you at the hotel at the 50% discounted rate, upon request at the time&#8230;<\/p>\n","protected":false},"author":11,"featured_media":4096,"comment_status":"closed","ping_status":"closed","sticky":false,"template":"","format":"standard","meta":{"_acf_changed":false,"footnotes":""},"categories":[52],"tags":[],"class_list":["post-4099","post","type-post","status-publish","format-standard","has-post-thumbnail","hentry","category-news-en"],"acf":[],"yoast_head":"<!-- This site is optimized with the Yoast SEO plugin v27.2 - https:\/\/yoast.com\/product\/yoast-seo-wordpress\/ -->\n<title>&quot;Van Gogh&quot;: the Record exhibition | Hotel Victoria<\/title>\n<meta name=\"description\" content=\"Stay at least 2 nights at our hotel and you will have the opportunity to access the &quot;Van gogh&quot; exhibition for free\" \/>\n<meta name=\"robots\" content=\"index, follow, max-snippet:-1, max-image-preview:large, max-video-preview:-1\" \/>\n<link rel=\"canonical\" href=\"https:\/\/www.hotelvictoriatrieste.com\/en\/van-gogh-the-record-exhibition\/\" \/>\n<meta property=\"og:locale\" content=\"en_US\" \/>\n<meta property=\"og:type\" content=\"article\" \/>\n<meta property=\"og:title\" content=\"&quot;Van Gogh&quot;: the Record exhibition | Hotel Victoria\" \/>\n<meta property=\"og:description\" content=\"Stay at least 2 nights at our hotel and you will have the opportunity to access the &quot;Van gogh&quot; exhibition for free\" \/>\n<meta property=\"og:url\" content=\"https:\/\/www.hotelvictoriatrieste.com\/en\/van-gogh-the-record-exhibition\/\" \/>\n<meta property=\"og:site_name\" content=\"Hotel Victoria\" \/>\n<meta property=\"article:published_time\" content=\"2024-05-07T12:51:14+00:00\" \/>\n<meta property=\"og:image\" content=\"https:\/\/www.hotelvictoriatrieste.com\/wp-content\/uploads\/2024\/05\/vangogh-trieste-page-989x791-1.jpg\" \/>\n\t<meta property=\"og:image:width\" content=\"335\" \/>\n\t<meta property=\"og:image:height\" content=\"268\" \/>\n\t<meta property=\"og:image:type\" content=\"image\/jpeg\" \/>\n<meta name=\"author\" content=\"Victoria\" \/>\n<meta name=\"twitter:card\" content=\"summary_large_image\" \/>\n<meta name=\"twitter:label1\" content=\"Written by\" \/>\n\t<meta name=\"twitter:data1\" content=\"Victoria\" \/>\n\t<meta name=\"twitter:label2\" content=\"Est. reading time\" \/>\n\t<meta name=\"twitter:data2\" content=\"2 minutes\" \/>\n<!-- \/ Yoast SEO plugin. -->","yoast_head_json":{"title":"\"Van Gogh\": the Record exhibition | Hotel Victoria","description":"Stay at least 2 nights at our hotel and you will have the opportunity to access the \"Van gogh\" exhibition for free","robots":{"index":"index","follow":"follow","max-snippet":"max-snippet:-1","max-image-preview":"max-image-preview:large","max-video-preview":"max-video-preview:-1"},"canonical":"https:\/\/www.hotelvictoriatrieste.com\/en\/van-gogh-the-record-exhibition\/","og_locale":"en_US","og_type":"article","og_title":"\"Van Gogh\": the Record exhibition | Hotel Victoria","og_description":"Stay at least 2 nights at our hotel and you will have the opportunity to access the \"Van gogh\" exhibition for free","og_url":"https:\/\/www.hotelvictoriatrieste.com\/en\/van-gogh-the-record-exhibition\/","og_site_name":"Hotel Victoria","article_published_time":"2024-05-07T12:51:14+00:00","og_image":[{"width":335,"height":268,"url":"https:\/\/www.hotelvictoriatrieste.com\/wp-content\/uploads\/2024\/05\/vangogh-trieste-page-989x791-1.jpg","type":"image\/jpeg"}],"author":"Victoria","twitter_card":"summary_large_image","twitter_misc":{"Written by":"Victoria","Est. reading time":"2 minutes"},"schema":{"@context":"https:\/\/schema.org","@graph":[{"@type":"Article","@id":"https:\/\/www.hotelvictoriatrieste.com\/en\/van-gogh-the-record-exhibition\/#article","isPartOf":{"@id":"https:\/\/www.hotelvictoriatrieste.com\/en\/van-gogh-the-record-exhibition\/"},"author":{"name":"Victoria","@id":"https:\/\/www.hotelvictoriatrieste.com\/en\/#\/schema\/person\/030140dc603975a967c168c271122c98"},"headline":"&#8220;Van Gogh&#8221;: the Record exhibition","datePublished":"2024-05-07T12:51:14+00:00","mainEntityOfPage":{"@id":"https:\/\/www.hotelvictoriatrieste.com\/en\/van-gogh-the-record-exhibition\/"},"wordCount":247,"image":{"@id":"https:\/\/www.hotelvictoriatrieste.com\/en\/van-gogh-the-record-exhibition\/#primaryimage"},"thumbnailUrl":"https:\/\/www.hotelvictoriatrieste.com\/wp-content\/uploads\/2024\/05\/vangogh-trieste-page-989x791-1.jpg","articleSection":["News"],"inLanguage":"en-US"},{"@type":"WebPage","@id":"https:\/\/www.hotelvictoriatrieste.com\/en\/van-gogh-the-record-exhibition\/","url":"https:\/\/www.hotelvictoriatrieste.com\/en\/van-gogh-the-record-exhibition\/","name":"\"Van Gogh\": the Record exhibition | Hotel Victoria","isPartOf":{"@id":"https:\/\/www.hotelvictoriatrieste.com\/en\/#website"},"primaryImageOfPage":{"@id":"https:\/\/www.hotelvictoriatrieste.com\/en\/van-gogh-the-record-exhibition\/#primaryimage"},"image":{"@id":"https:\/\/www.hotelvictoriatrieste.com\/en\/van-gogh-the-record-exhibition\/#primaryimage"},"thumbnailUrl":"https:\/\/www.hotelvictoriatrieste.com\/wp-content\/uploads\/2024\/05\/vangogh-trieste-page-989x791-1.jpg","datePublished":"2024-05-07T12:51:14+00:00","author":{"@id":"https:\/\/www.hotelvictoriatrieste.com\/en\/#\/schema\/person\/030140dc603975a967c168c271122c98"},"description":"Stay at least 2 nights at our hotel and you will have the opportunity to access the \"Van gogh\" exhibition for free","breadcrumb":{"@id":"https:\/\/www.hotelvictoriatrieste.com\/en\/van-gogh-the-record-exhibition\/#breadcrumb"},"inLanguage":"en-US","potentialAction":[{"@type":"ReadAction","target":["https:\/\/www.hotelvictoriatrieste.com\/en\/van-gogh-the-record-exhibition\/"]}]},{"@type":"ImageObject","inLanguage":"en-US","@id":"https:\/\/www.hotelvictoriatrieste.com\/en\/van-gogh-the-record-exhibition\/#primaryimage","url":"https:\/\/www.hotelvictoriatrieste.com\/wp-content\/uploads\/2024\/05\/vangogh-trieste-page-989x791-1.jpg","contentUrl":"https:\/\/www.hotelvictoriatrieste.com\/wp-content\/uploads\/2024\/05\/vangogh-trieste-page-989x791-1.jpg","width":335,"height":268},{"@type":"BreadcrumbList","@id":"https:\/\/www.hotelvictoriatrieste.com\/en\/van-gogh-the-record-exhibition\/#breadcrumb","itemListElement":[{"@type":"ListItem","position":1,"name":"Home","item":"https:\/\/www.hotelvictoriatrieste.com\/en\/"},{"@type":"ListItem","position":2,"name":"&#8220;Van Gogh&#8221;: the Record exhibition"}]},{"@type":"WebSite","@id":"https:\/\/www.hotelvictoriatrieste.com\/en\/#website","url":"https:\/\/www.hotelvictoriatrieste.com\/en\/","name":"Hotel Victoria","description":"","potentialAction":[{"@type":"SearchAction","target":{"@type":"EntryPoint","urlTemplate":"https:\/\/www.hotelvictoriatrieste.com\/en\/?s={search_term_string}"},"query-input":{"@type":"PropertyValueSpecification","valueRequired":true,"valueName":"search_term_string"}}],"inLanguage":"en-US"},{"@type":"Person","@id":"https:\/\/www.hotelvictoriatrieste.com\/en\/#\/schema\/person\/030140dc603975a967c168c271122c98","name":"Victoria","image":{"@type":"ImageObject","inLanguage":"en-US","@id":"https:\/\/www.hotelvictoriatrieste.com\/wp-content\/litespeed\/avatar\/d2ece58b92dec2e3ae961bb773aa5479.jpg","url":"https:\/\/www.hotelvictoriatrieste.com\/wp-content\/litespeed\/avatar\/d2ece58b92dec2e3ae961bb773aa5479.jpg","contentUrl":"https:\/\/www.hotelvictoriatrieste.com\/wp-content\/litespeed\/avatar\/d2ece58b92dec2e3ae961bb773aa5479.jpg","caption":"Victoria"},"url":"https:\/\/www.hotelvictoriatrieste.com\/en\/author\/victoria\/"}]}},"_links":{"self":[{"href":"https:\/\/www.hotelvictoriatrieste.com\/en\/wp-json\/wp\/v2\/posts\/4099","targetHints":{"allow":["GET"]}}],"collection":[{"href":"https:\/\/www.hotelvictoriatrieste.com\/en\/wp-json\/wp\/v2\/posts"}],"about":[{"href":"https:\/\/www.hotelvictoriatrieste.com\/en\/wp-json\/wp\/v2\/types\/post"}],"author":[{"embeddable":true,"href":"https:\/\/www.hotelvictoriatrieste.com\/en\/wp-json\/wp\/v2\/users\/11"}],"replies":[{"embeddable":true,"href":"https:\/\/www.hotelvictoriatrieste.com\/en\/wp-json\/wp\/v2\/comments?post=4099"}],"version-history":[{"count":1,"href":"https:\/\/www.hotelvictoriatrieste.com\/en\/wp-json\/wp\/v2\/posts\/4099\/revisions"}],"predecessor-version":[{"id":4100,"href":"https:\/\/www.hotelvictoriatrieste.com\/en\/wp-json\/wp\/v2\/posts\/4099\/revisions\/4100"}],"wp:featuredmedia":[{"embeddable":true,"href":"https:\/\/www.hotelvictoriatrieste.com\/en\/wp-json\/wp\/v2\/media\/4096"}],"wp:attachment":[{"href":"https:\/\/www.hotelvictoriatrieste.com\/en\/wp-json\/wp\/v2\/media?parent=4099"}],"wp:term":[{"taxonomy":"category","embeddable":true,"href":"https:\/\/www.hotelvictoriatrieste.com\/en\/wp-json\/wp\/v2\/categories?post=4099"},{"taxonomy":"post_tag","embeddable":true,"href":"https:\/\/www.hotelvictoriatrieste.com\/en\/wp-json\/wp\/v2\/tags?post=4099"}],"curies":[{"name":"wp","href":"https:\/\/api.w.org\/{rel}","templated":true}]}}