{"id":2008,"date":"2018-10-05T11:58:04","date_gmt":"2018-10-05T09:58:04","guid":{"rendered":"http:\/\/www.hotelvictoriatrieste.com\/?p=2008"},"modified":"2018-10-05T15:40:19","modified_gmt":"2018-10-05T13:40:19","slug":"im-oktober-ist-triest-die-stadt-der-barcolana-und-des-kaffees","status":"publish","type":"post","link":"https:\/\/www.hotelvictoriatrieste.com\/de\/im-oktober-ist-triest-die-stadt-der-barcolana-und-des-kaffees\/","title":{"rendered":"Im Oktober ist Triest die Stadt der Barcolana und des Kaffees"},"content":{"rendered":"<p style=\"text-align: center;\"><strong>Barcolana<\/strong>, DAS SEGLERFEST <strong>am 5. &#8211; 14. Oktober<\/strong><\/p>\n<p style=\"text-align: center;\"><strong>TriestExpresso Expo<\/strong>, DAS KAFFEEFEST <strong>am 25. &#8211; 27. <\/strong><strong>Oktober<\/strong><\/p>\n<p>Eine Stadt, die ihr Meer und ihr typischstes Produkt, den Kaffee, auf einzigartige Weise feiert, muss man einfach besuchen.<\/p>\n<p>Diese Veranstaltungen sind in Wirklichkeit zwei gro\u00dfe Stadtfeste. Die <strong>Barcolana<\/strong> ist die Regatta mit den meisten Teilnehmern der Welt und ein gro\u00dfes Seglerfest, das eine Woche lang von der ganzen Stadt gefeiert wird. Dieses Jahr wird die Barcolana <strong>50 Jahre<\/strong> alt, und die Jubil\u00e4umsfeier dauert <a href=\"http:\/\/www.barcolana.it\/Home\">vom 5.-14. Oktober<\/a>, dem Sonntag, an dem der Golf von Triest mit den vielen Segelbooten ein atemberaubendes und einmaliges Schauspiel bieten wird.<\/p>\n<p><img loading=\"lazy\" decoding=\"async\" class=\"aligncenter wp-image-1983 size-large\" src=\"http:\/\/www.hotelvictoriatrieste.com\/wp-content\/uploads\/2018\/10\/barcolana-Valerio-v-1024x768.jpg\" alt=\"\" width=\"640\" height=\"480\" srcset=\"https:\/\/www.hotelvictoriatrieste.com\/wp-content\/uploads\/2018\/10\/barcolana-Valerio-v.jpg 1024w, https:\/\/www.hotelvictoriatrieste.com\/wp-content\/uploads\/2018\/10\/barcolana-Valerio-v-300x225.jpg 300w, https:\/\/www.hotelvictoriatrieste.com\/wp-content\/uploads\/2018\/10\/barcolana-Valerio-v-768x576.jpg 768w\" sizes=\"auto, (max-width: 640px) 100vw, 640px\" \/><\/p>\n<p>Das zweite gro\u00dfe Fest ist <a href=\"http:\/\/www.hotelvictoriatrieste.com\/wp-content\/uploads\/2018\/10\/20180619_IES_3_LR.pdf\"><strong>TriestExpresso Expo (Seite 9)<\/strong><\/a>, die Espresso-Messe, die vom 25.-27. Oktober vom weltweit bekanntesten Espressohersteller <a href=\"http:\/\/www.hotelvictoriatrieste.com\/wp-content\/uploads\/2018\/10\/20180619_IES_3_LR.pdf\"><strong>Illycaff\u00e8<\/strong><\/a>\u00a0(Seite 2) organisiert wird. Die Stadt der Literaturcaf\u00e9s, wo Kaffee mehr als nur ein t\u00e4gliches Ritual ist und wo Kaffee auf unendliche viel mehr Weisen als im \u00fcbrigen Italien genossen werden kann, feiert ihr Lieblingsgetr\u00e4nk mit einem dreit\u00e4gigen Event zur Kaffeekultur in einer ganz besonderen und noch wenig besuchten Location, dem Alten Hafen.<\/p>\n<p><img loading=\"lazy\" decoding=\"async\" class=\"aligncenter wp-image-1244 size-full\" src=\"http:\/\/www.hotelvictoriatrieste.com\/wp-content\/uploads\/2017\/09\/14735801715_c28ebf6b78_z.jpg\" alt=\"\" width=\"640\" height=\"427\" srcset=\"https:\/\/www.hotelvictoriatrieste.com\/wp-content\/uploads\/2017\/09\/14735801715_c28ebf6b78_z.jpg 640w, https:\/\/www.hotelvictoriatrieste.com\/wp-content\/uploads\/2017\/09\/14735801715_c28ebf6b78_z-300x200.jpg 300w\" sizes=\"auto, (max-width: 640px) 100vw, 640px\" \/><\/p>\n<p>Oktober ist aber auch der ideale Monat f\u00fcr <strong>Spazierg\u00e4nge und Wanderungen auf dem Karst mit der Laubverf\u00e4rbung<\/strong>, die hier dank dem Per\u00fcckenstrauch einmalig ist, denn dessen Bl\u00e4tter f\u00e4rben sich gelb und leuchtend rot, so dass einige Abschnitte der Triester Steilk\u00fcste, <a href=\"http:\/\/www.hotelvictoriatrieste.com\/wp-content\/uploads\/2018\/10\/20180619_IES_3_LR.pdf\">des Rilke-Wanderwegs<\/a>\u00a0(Seite 53) oder des Napoleonica-Wanderwegs feuerrot gl\u00fchen.<\/p>\n<p><img loading=\"lazy\" decoding=\"async\" class=\"aligncenter wp-image-1994 size-full\" src=\"http:\/\/www.hotelvictoriatrieste.com\/wp-content\/uploads\/2018\/10\/2697739659_d1b373ffb9_z.jpg\" alt=\"\" width=\"640\" height=\"475\" srcset=\"https:\/\/www.hotelvictoriatrieste.com\/wp-content\/uploads\/2018\/10\/2697739659_d1b373ffb9_z.jpg 640w, https:\/\/www.hotelvictoriatrieste.com\/wp-content\/uploads\/2018\/10\/2697739659_d1b373ffb9_z-300x223.jpg 300w\" sizes=\"auto, (max-width: 640px) 100vw, 640px\" \/><\/p>\n<p>All dies k\u00f6nnen Sie in der gerade erschienenen Nummer von <strong>IES<\/strong> nachlesen, dem zweisprachigen Magazin, das \u00fcber Triest, seine Traditionen, seine Geschichte und Aktualit\u00e4t berichtet und das Sie online \u00fcber <a href=\"https:\/\/www.yumpu.com\/it\/document\/view\/62124525\/20180619-ies-3-lr\" target=\"_blank\" rel=\"noopener\">diesen link<\/a>abrufen k\u00f6nnen und im Print-Format auch in den Zimmern des Literaturhotels finden.<\/p>\n<p>Wir freuen uns immer, dass alle, die schon bei uns zu Gast gewesen sind, an die Stadt erinnert werden und neue Eindr\u00fccke bekommen, um wiederzukommen.<\/p>\n<style>.embed-container { position: relative; padding-bottom:56.25%; height:0; overflow: hidden; max-width: 100%; } .embed-container iframe, .embed-container object, .embed-container embed { position: absolute; top: 0; left: 0; width: 100%; height: 100%;}<\/style>\n<div id=\"ypembedcontainer\" class=\"embed-container\" data-page-width=\"480\" data-page-height=\"640\"><iframe src=\"https:\/\/www.yumpu.com\/it\/embed\/view\/3T01Z9sHFEh8bDqi\" frameborder=\"0\" allowfullscreen=\"allowfullscreen\"><\/iframe><\/div>\n<p><script src='https:\/\/players.yumpu.com\/modules\/embed\/yp_r_iframe.js' ><\/script><\/p>\n<p style=\"text-align: center;\">Viel Spa\u00df beim Lesen und einen sch\u00f6nen herbstlich leuchtenden Oktober f\u00fcr alle!<\/p>\n","protected":false},"excerpt":{"rendered":"<p>Barcolana, DAS SEGLERFEST am 5. &#8211; 14. Oktober TriestExpresso Expo, DAS KAFFEEFEST am 25. &#8211; 27. Oktober Eine Stadt, die ihr Meer und ihr typischstes Produkt, den Kaffee, auf einzigartige Weise feiert, muss man einfach besuchen. Diese Veranstaltungen sind in Wirklichkeit zwei gro\u00dfe Stadtfeste. Die Barcolana ist die Regatta mit den meisten Teilnehmern der Welt&#8230;<\/p>\n","protected":false},"author":4,"featured_media":2034,"comment_status":"closed","ping_status":"closed","sticky":false,"template":"","format":"standard","meta":{"_acf_changed":false,"footnotes":""},"categories":[6],"tags":[],"class_list":["post-2008","post","type-post","status-publish","format-standard","has-post-thumbnail","hentry","category-unkategorisiert"],"acf":[],"yoast_head":"<!-- This site is optimized with the Yoast SEO plugin v27.2 - https:\/\/yoast.com\/product\/yoast-seo-wordpress\/ -->\n<title>Im Oktober ist Triest die Stadt der Barcolana und des Kaffees | Hotel Victoria<\/title>\n<meta name=\"robots\" content=\"index, follow, max-snippet:-1, max-image-preview:large, max-video-preview:-1\" \/>\n<link rel=\"canonical\" href=\"https:\/\/www.hotelvictoriatrieste.com\/de\/im-oktober-ist-triest-die-stadt-der-barcolana-und-des-kaffees\/\" \/>\n<meta property=\"og:locale\" content=\"de_DE\" \/>\n<meta property=\"og:type\" content=\"article\" \/>\n<meta property=\"og:title\" content=\"Im Oktober ist Triest die Stadt der Barcolana und des Kaffees | Hotel Victoria\" \/>\n<meta property=\"og:description\" content=\"Barcolana, DAS SEGLERFEST am 5. &#8211; 14. Oktober TriestExpresso Expo, DAS KAFFEEFEST am 25. &#8211; 27. Oktober Eine Stadt, die ihr Meer und ihr typischstes Produkt, den Kaffee, auf einzigartige Weise feiert, muss man einfach besuchen. Diese Veranstaltungen sind in Wirklichkeit zwei gro\u00dfe Stadtfeste. Die Barcolana ist die Regatta mit den meisten Teilnehmern der Welt...\" \/>\n<meta property=\"og:url\" content=\"https:\/\/www.hotelvictoriatrieste.com\/de\/im-oktober-ist-triest-die-stadt-der-barcolana-und-des-kaffees\/\" \/>\n<meta property=\"og:site_name\" content=\"Hotel Victoria\" \/>\n<meta property=\"article:published_time\" content=\"2018-10-05T09:58:04+00:00\" \/>\n<meta property=\"article:modified_time\" content=\"2018-10-05T13:40:19+00:00\" \/>\n<meta property=\"og:image\" content=\"https:\/\/www.hotelvictoriatrieste.com\/wp-content\/uploads\/2018\/10\/barcolana-con-faro.jpg\" \/>\n\t<meta property=\"og:image:width\" content=\"1500\" \/>\n\t<meta property=\"og:image:height\" content=\"663\" \/>\n\t<meta property=\"og:image:type\" content=\"image\/jpeg\" \/>\n<meta name=\"author\" content=\"Dani C\" \/>\n<meta name=\"twitter:card\" content=\"summary_large_image\" \/>\n<meta name=\"twitter:label1\" content=\"Verfasst von\" \/>\n\t<meta name=\"twitter:data1\" content=\"Dani C\" \/>\n\t<meta name=\"twitter:label2\" content=\"Gesch\u00e4tzte Lesezeit\" \/>\n\t<meta name=\"twitter:data2\" content=\"2\u00a0Minuten\" \/>\n<!-- \/ Yoast SEO plugin. -->","yoast_head_json":{"title":"Im Oktober ist Triest die Stadt der Barcolana und des Kaffees | Hotel Victoria","robots":{"index":"index","follow":"follow","max-snippet":"max-snippet:-1","max-image-preview":"max-image-preview:large","max-video-preview":"max-video-preview:-1"},"canonical":"https:\/\/www.hotelvictoriatrieste.com\/de\/im-oktober-ist-triest-die-stadt-der-barcolana-und-des-kaffees\/","og_locale":"de_DE","og_type":"article","og_title":"Im Oktober ist Triest die Stadt der Barcolana und des Kaffees | Hotel Victoria","og_description":"Barcolana, DAS SEGLERFEST am 5. &#8211; 14. Oktober TriestExpresso Expo, DAS KAFFEEFEST am 25. &#8211; 27. Oktober Eine Stadt, die ihr Meer und ihr typischstes Produkt, den Kaffee, auf einzigartige Weise feiert, muss man einfach besuchen. Diese Veranstaltungen sind in Wirklichkeit zwei gro\u00dfe Stadtfeste. Die Barcolana ist die Regatta mit den meisten Teilnehmern der Welt...","og_url":"https:\/\/www.hotelvictoriatrieste.com\/de\/im-oktober-ist-triest-die-stadt-der-barcolana-und-des-kaffees\/","og_site_name":"Hotel Victoria","article_published_time":"2018-10-05T09:58:04+00:00","article_modified_time":"2018-10-05T13:40:19+00:00","og_image":[{"width":1500,"height":663,"url":"https:\/\/www.hotelvictoriatrieste.com\/wp-content\/uploads\/2018\/10\/barcolana-con-faro.jpg","type":"image\/jpeg"}],"author":"Dani C","twitter_card":"summary_large_image","twitter_misc":{"Verfasst von":"Dani C","Gesch\u00e4tzte Lesezeit":"2\u00a0Minuten"},"schema":{"@context":"https:\/\/schema.org","@graph":[{"@type":"Article","@id":"https:\/\/www.hotelvictoriatrieste.com\/de\/im-oktober-ist-triest-die-stadt-der-barcolana-und-des-kaffees\/#article","isPartOf":{"@id":"https:\/\/www.hotelvictoriatrieste.com\/de\/im-oktober-ist-triest-die-stadt-der-barcolana-und-des-kaffees\/"},"author":{"name":"Dani C","@id":"https:\/\/www.hotelvictoriatrieste.com\/de\/#\/schema\/person\/a40fb151c56ebb31a88227853c6b297e"},"headline":"Im Oktober ist Triest die Stadt der Barcolana und des Kaffees","datePublished":"2018-10-05T09:58:04+00:00","dateModified":"2018-10-05T13:40:19+00:00","mainEntityOfPage":{"@id":"https:\/\/www.hotelvictoriatrieste.com\/de\/im-oktober-ist-triest-die-stadt-der-barcolana-und-des-kaffees\/"},"wordCount":330,"image":{"@id":"https:\/\/www.hotelvictoriatrieste.com\/de\/im-oktober-ist-triest-die-stadt-der-barcolana-und-des-kaffees\/#primaryimage"},"thumbnailUrl":"https:\/\/www.hotelvictoriatrieste.com\/wp-content\/uploads\/2018\/10\/barcolana-con-faro.jpg","articleSection":["Unkategorisiert"],"inLanguage":"de"},{"@type":"WebPage","@id":"https:\/\/www.hotelvictoriatrieste.com\/de\/im-oktober-ist-triest-die-stadt-der-barcolana-und-des-kaffees\/","url":"https:\/\/www.hotelvictoriatrieste.com\/de\/im-oktober-ist-triest-die-stadt-der-barcolana-und-des-kaffees\/","name":"Im Oktober ist Triest die Stadt der Barcolana und des Kaffees | Hotel Victoria","isPartOf":{"@id":"https:\/\/www.hotelvictoriatrieste.com\/de\/#website"},"primaryImageOfPage":{"@id":"https:\/\/www.hotelvictoriatrieste.com\/de\/im-oktober-ist-triest-die-stadt-der-barcolana-und-des-kaffees\/#primaryimage"},"image":{"@id":"https:\/\/www.hotelvictoriatrieste.com\/de\/im-oktober-ist-triest-die-stadt-der-barcolana-und-des-kaffees\/#primaryimage"},"thumbnailUrl":"https:\/\/www.hotelvictoriatrieste.com\/wp-content\/uploads\/2018\/10\/barcolana-con-faro.jpg","datePublished":"2018-10-05T09:58:04+00:00","dateModified":"2018-10-05T13:40:19+00:00","author":{"@id":"https:\/\/www.hotelvictoriatrieste.com\/de\/#\/schema\/person\/a40fb151c56ebb31a88227853c6b297e"},"breadcrumb":{"@id":"https:\/\/www.hotelvictoriatrieste.com\/de\/im-oktober-ist-triest-die-stadt-der-barcolana-und-des-kaffees\/#breadcrumb"},"inLanguage":"de","potentialAction":[{"@type":"ReadAction","target":["https:\/\/www.hotelvictoriatrieste.com\/de\/im-oktober-ist-triest-die-stadt-der-barcolana-und-des-kaffees\/"]}]},{"@type":"ImageObject","inLanguage":"de","@id":"https:\/\/www.hotelvictoriatrieste.com\/de\/im-oktober-ist-triest-die-stadt-der-barcolana-und-des-kaffees\/#primaryimage","url":"https:\/\/www.hotelvictoriatrieste.com\/wp-content\/uploads\/2018\/10\/barcolana-con-faro.jpg","contentUrl":"https:\/\/www.hotelvictoriatrieste.com\/wp-content\/uploads\/2018\/10\/barcolana-con-faro.jpg","width":1500,"height":663,"caption":"Barcolana 2017 Start Faro della Vittoria"},{"@type":"BreadcrumbList","@id":"https:\/\/www.hotelvictoriatrieste.com\/de\/im-oktober-ist-triest-die-stadt-der-barcolana-und-des-kaffees\/#breadcrumb","itemListElement":[{"@type":"ListItem","position":1,"name":"Home","item":"https:\/\/www.hotelvictoriatrieste.com\/de\/"},{"@type":"ListItem","position":2,"name":"Im Oktober ist Triest die Stadt der Barcolana und des Kaffees"}]},{"@type":"WebSite","@id":"https:\/\/www.hotelvictoriatrieste.com\/de\/#website","url":"https:\/\/www.hotelvictoriatrieste.com\/de\/","name":"Hotel Victoria","description":"","potentialAction":[{"@type":"SearchAction","target":{"@type":"EntryPoint","urlTemplate":"https:\/\/www.hotelvictoriatrieste.com\/de\/?s={search_term_string}"},"query-input":{"@type":"PropertyValueSpecification","valueRequired":true,"valueName":"search_term_string"}}],"inLanguage":"de"},{"@type":"Person","@id":"https:\/\/www.hotelvictoriatrieste.com\/de\/#\/schema\/person\/a40fb151c56ebb31a88227853c6b297e","name":"Dani C","image":{"@type":"ImageObject","inLanguage":"de","@id":"https:\/\/www.hotelvictoriatrieste.com\/wp-content\/litespeed\/avatar\/4a8212796428bbcb3f59581589ac3b30.jpg?ver=1777397680","url":"https:\/\/www.hotelvictoriatrieste.com\/wp-content\/litespeed\/avatar\/4a8212796428bbcb3f59581589ac3b30.jpg?ver=1777397680","contentUrl":"https:\/\/www.hotelvictoriatrieste.com\/wp-content\/litespeed\/avatar\/4a8212796428bbcb3f59581589ac3b30.jpg?ver=1777397680","caption":"Dani C"},"url":"https:\/\/www.hotelvictoriatrieste.com\/de\/author\/daniela\/"}]}},"_links":{"self":[{"href":"https:\/\/www.hotelvictoriatrieste.com\/de\/wp-json\/wp\/v2\/posts\/2008","targetHints":{"allow":["GET"]}}],"collection":[{"href":"https:\/\/www.hotelvictoriatrieste.com\/de\/wp-json\/wp\/v2\/posts"}],"about":[{"href":"https:\/\/www.hotelvictoriatrieste.com\/de\/wp-json\/wp\/v2\/types\/post"}],"author":[{"embeddable":true,"href":"https:\/\/www.hotelvictoriatrieste.com\/de\/wp-json\/wp\/v2\/users\/4"}],"replies":[{"embeddable":true,"href":"https:\/\/www.hotelvictoriatrieste.com\/de\/wp-json\/wp\/v2\/comments?post=2008"}],"version-history":[{"count":6,"href":"https:\/\/www.hotelvictoriatrieste.com\/de\/wp-json\/wp\/v2\/posts\/2008\/revisions"}],"predecessor-version":[{"id":2041,"href":"https:\/\/www.hotelvictoriatrieste.com\/de\/wp-json\/wp\/v2\/posts\/2008\/revisions\/2041"}],"wp:featuredmedia":[{"embeddable":true,"href":"https:\/\/www.hotelvictoriatrieste.com\/de\/wp-json\/wp\/v2\/media\/2034"}],"wp:attachment":[{"href":"https:\/\/www.hotelvictoriatrieste.com\/de\/wp-json\/wp\/v2\/media?parent=2008"}],"wp:term":[{"taxonomy":"category","embeddable":true,"href":"https:\/\/www.hotelvictoriatrieste.com\/de\/wp-json\/wp\/v2\/categories?post=2008"},{"taxonomy":"post_tag","embeddable":true,"href":"https:\/\/www.hotelvictoriatrieste.com\/de\/wp-json\/wp\/v2\/tags?post=2008"}],"curies":[{"name":"wp","href":"https:\/\/api.w.org\/{rel}","templated":true}]}}